{"id":59,"date":"2026-03-25T08:01:21","date_gmt":"2026-03-25T11:01:21","guid":{"rendered":"https:\/\/edaluta.com.br\/?p=59"},"modified":"2026-03-25T08:03:42","modified_gmt":"2026-03-25T11:03:42","slug":"o-homen-que-revolucionou-o-jiu-jitsu-mundial-criando-o-brasilia-jiu-jitsu","status":"publish","type":"post","link":"https:\/\/edaluta.com.br\/?p=59","title":{"rendered":"O HOMEN QUE REVOLUCIONOU O JIU JITSU MUNDIAL, CRIANDO O BRAZILIAN JIU JITSU\u00a0"},"content":{"rendered":"\n<p>Conhecido como Mestre H\u00e9lio Gracie, Faixa Vermelha de Jiu Jitsu, Esse brasileiro, Belenense Mestre H\u00e9lio Gracie, nasceu em 1\u00ba de outubro de 1913, em Bel\u00e9m do Par\u00e1, Brasil. Era o filho mais novo de Gast\u00e3o Gracie. Quando crian\u00e7a, era considerado fraco e doentio, sofrendo de desmaios frequentes e limita\u00e7\u00f5es f\u00edsicas que o impediam de praticar atividades intensas.<br>Sua fam\u00edlia mudou-se para o Rio de Janeiro, onde seu irm\u00e3o mais velho, Carlos Gracie, havia aprendido jud\u00f4\/jiu-jitsu japon\u00eas com o mestre Mitsuyo Maeda, um campe\u00e3o japon\u00eas que emigrou para o Brasil.<\/p>\n\n\n\n<p><strong>A TRANSFORMA\u00c7\u00c3O DO JIU JITSU<\/strong><br>Por causa de suas limita\u00e7\u00f5es f\u00edsicas, H\u00e9lio n\u00e3o podia praticar o jiu-jitsu da mesma forma que seus irm\u00e3os. Em vez disso, ele adaptou as t\u00e9cnicas, priorizando:<br>\u2219 Alavancas e biomec\u00e2nica sobre for\u00e7a bruta<br>\u2219 Controle de posi\u00e7\u00e3o e estrangulamentos<br>\u2219 Efici\u00eancia m\u00e1xima com m\u00ednimo esfor\u00e7o<br>Essa adapta\u00e7\u00e3o deu origem ao Brazilian Jiu-Jitsu (BJJ) como conhecemos hoje \u2014 uma arte marcial em que um lutador menor e mais fraco pode superar um oponente maior e mais forte.<\/p>\n\n\n\n<figure class=\"wp-block-image size-large is-resized\"><img fetchpriority=\"high\" decoding=\"async\" width=\"1024\" height=\"1018\" src=\"http:\/\/edaluta.com.br\/wp-content\/uploads\/2026\/03\/WhatsApp-Image-2026-03-25-at-07.28.37-2-1-1024x1018.jpeg\" alt=\"FOTO H\u00c9LIO GRACIE\" class=\"wp-image-62\" style=\"width:361px;height:auto\" srcset=\"https:\/\/edaluta.com.br\/wp-content\/uploads\/2026\/03\/WhatsApp-Image-2026-03-25-at-07.28.37-2-1-1024x1018.jpeg 1024w, https:\/\/edaluta.com.br\/wp-content\/uploads\/2026\/03\/WhatsApp-Image-2026-03-25-at-07.28.37-2-1-300x298.jpeg 300w, https:\/\/edaluta.com.br\/wp-content\/uploads\/2026\/03\/WhatsApp-Image-2026-03-25-at-07.28.37-2-1-150x150.jpeg 150w, https:\/\/edaluta.com.br\/wp-content\/uploads\/2026\/03\/WhatsApp-Image-2026-03-25-at-07.28.37-2-1-768x764.jpeg 768w, https:\/\/edaluta.com.br\/wp-content\/uploads\/2026\/03\/WhatsApp-Image-2026-03-25-at-07.28.37-2-1.jpeg 1280w\" sizes=\"(max-width: 1024px) 100vw, 1024px\" \/><\/figure>\n\n\n\n<p><\/p>\n\n\n\n<p><strong>DESAFIO E LUTAS HIST\u00d3RICAS<\/strong><br><\/p>\n\n\n\n<p>H\u00e9lio era conhecido por aceitar desafios de qualquer lutador. Alguns confrontos hist\u00f3ricos:<br>\u2219 Masahiko Kimura (1951) \u2014 Enfrentou o maior judoca do mundo na \u00e9poca. Perdeu, mas resistiu por quase 15 minutos antes que seu irm\u00e3o Carlos jogasse a toalha. A t\u00e9cnica usada para venc\u00ea-lo ficou eternamente conhecida como \u201ckimura\u201d em sua homenagem.<br>\u2219 Lutou contra boxeadores, wrestlers e judocas ao longo de d\u00e9cadas.<br>\u2219 Acreditava que o desafio real era a prova m\u00e1xima de uma arte marcial.<\/p>\n\n\n\n<p><\/p>\n\n\n\n<figure class=\"wp-block-image size-large is-resized\"><img decoding=\"async\" width=\"1024\" height=\"615\" src=\"http:\/\/edaluta.com.br\/wp-content\/uploads\/2026\/03\/FOTO-LUTA-KIMURA-1024x615.jpg\" alt=\"\" class=\"wp-image-63\" style=\"aspect-ratio:1.6650664354074396;width:378px;height:auto\" srcset=\"https:\/\/edaluta.com.br\/wp-content\/uploads\/2026\/03\/FOTO-LUTA-KIMURA-1024x615.jpg 1024w, https:\/\/edaluta.com.br\/wp-content\/uploads\/2026\/03\/FOTO-LUTA-KIMURA-300x180.jpg 300w, https:\/\/edaluta.com.br\/wp-content\/uploads\/2026\/03\/FOTO-LUTA-KIMURA-768x461.jpg 768w, https:\/\/edaluta.com.br\/wp-content\/uploads\/2026\/03\/FOTO-LUTA-KIMURA.jpg 1265w\" sizes=\"(max-width: 1024px) 100vw, 1024px\" \/><\/figure>\n\n\n\n<p><\/p>\n\n\n\n<p><strong>LEGADO DA FAM\u00cdLIA<\/strong><\/p>\n\n\n\n<p>H\u00e9lio foi pai de v\u00e1rios filhos que se tornaram lendas do BJJ, entre eles:<br>\u2219 Rorion Gracie \u2014 Co-criador do UFC<br>\u2219 Rickson Gracie \u2014 Considerado por muitos o maior de todos os tempos<br>\u2219 Royce Gracie \u2014 Vencedor dos primeiros UFCs<br>\u2219 Royler, Relson, Robin \u2014 Todos grandes mestres<\/p>\n\n\n\n<figure class=\"wp-block-image size-large is-resized\"><img decoding=\"async\" width=\"682\" height=\"1024\" src=\"http:\/\/edaluta.com.br\/wp-content\/uploads\/2026\/03\/WhatsApp-Image-2026-03-25-at-07.28.37-682x1024.jpeg\" alt=\"\" class=\"wp-image-65\" style=\"aspect-ratio:0.6660240806391008;width:369px;height:auto\" srcset=\"https:\/\/edaluta.com.br\/wp-content\/uploads\/2026\/03\/WhatsApp-Image-2026-03-25-at-07.28.37-682x1024.jpeg 682w, https:\/\/edaluta.com.br\/wp-content\/uploads\/2026\/03\/WhatsApp-Image-2026-03-25-at-07.28.37-200x300.jpeg 200w, https:\/\/edaluta.com.br\/wp-content\/uploads\/2026\/03\/WhatsApp-Image-2026-03-25-at-07.28.37-768x1152.jpeg 768w, https:\/\/edaluta.com.br\/wp-content\/uploads\/2026\/03\/WhatsApp-Image-2026-03-25-at-07.28.37.jpeg 853w\" sizes=\"(max-width: 682px) 100vw, 682px\" \/><\/figure>\n\n\n\n<p><\/p>\n\n\n\n<p><strong>FILOSOFIA DE VIDA<\/strong><br><\/p>\n\n\n\n<p>H\u00e9lio foi um defensor fervoroso do estilo de vida saud\u00e1vel, seguindo uma dieta natural e se mantendo ativo at\u00e9 a velhice. Dizia que o jiu-jitsu n\u00e3o era apenas luta \u2014 era uma filosofia de vida baseada em efici\u00eancia, humildade e autoconhecimento.<\/p>\n\n\n\n<p><strong>FALECIMENTO<\/strong><br><\/p>\n\n\n\n<p>H\u00e9lio Gracie faleceu em 29 de janeiro de 2009, aos 95 anos, deixando um legado que moldou as artes marciais modernas no mundo inteiro. O Brazilian Jiu-Jitsu hoje \u00e9 praticado por milh\u00f5es de pessoas em todos os continentes.<br>\u201cO jiu-jitsu \u00e9 para o fraco vencer o forte.\u201d \u2014 H\u00e9lio Gracie<\/p>\n","protected":false},"excerpt":{"rendered":"<p>Conhecido como Mestre H\u00e9lio Gracie, Faixa Vermelha de Jiu Jitsu, Esse brasileiro, Belenense Mestre H\u00e9lio Gracie, nasceu em 1\u00ba de outubro de 1913, em Bel\u00e9m do Par\u00e1, Brasil. Era o filho mais novo de Gast\u00e3o Gracie. Quando crian\u00e7a, era considerado fraco e doentio, sofrendo de desmaios frequentes e limita\u00e7\u00f5es f\u00edsicas que o impediam de praticar [&hellip;]<\/p>\n","protected":false},"author":2,"featured_media":0,"comment_status":"open","ping_status":"open","sticky":false,"template":"","format":"standard","meta":{"ocean_post_layout":"","ocean_both_sidebars_style":"","ocean_both_sidebars_content_width":0,"ocean_both_sidebars_sidebars_width":0,"ocean_sidebar":"","ocean_second_sidebar":"","ocean_disable_margins":"enable","ocean_add_body_class":"","ocean_shortcode_before_top_bar":"","ocean_shortcode_after_top_bar":"","ocean_shortcode_before_header":"","ocean_shortcode_after_header":"","ocean_has_shortcode":"","ocean_shortcode_after_title":"","ocean_shortcode_before_footer_widgets":"","ocean_shortcode_after_footer_widgets":"","ocean_shortcode_before_footer_bottom":"","ocean_shortcode_after_footer_bottom":"","ocean_display_top_bar":"default","ocean_display_header":"default","ocean_header_style":"","ocean_center_header_left_menu":"","ocean_custom_header_template":"","ocean_custom_logo":0,"ocean_custom_retina_logo":0,"ocean_custom_logo_max_width":0,"ocean_custom_logo_tablet_max_width":0,"ocean_custom_logo_mobile_max_width":0,"ocean_custom_logo_max_height":0,"ocean_custom_logo_tablet_max_height":0,"ocean_custom_logo_mobile_max_height":0,"ocean_header_custom_menu":"","ocean_menu_typo_font_family":"","ocean_menu_typo_font_subset":"","ocean_menu_typo_font_size":0,"ocean_menu_typo_font_size_tablet":0,"ocean_menu_typo_font_size_mobile":0,"ocean_menu_typo_font_size_unit":"px","ocean_menu_typo_font_weight":"","ocean_menu_typo_font_weight_tablet":"","ocean_menu_typo_font_weight_mobile":"","ocean_menu_typo_transform":"","ocean_menu_typo_transform_tablet":"","ocean_menu_typo_transform_mobile":"","ocean_menu_typo_line_height":0,"ocean_menu_typo_line_height_tablet":0,"ocean_menu_typo_line_height_mobile":0,"ocean_menu_typo_line_height_unit":"","ocean_menu_typo_spacing":0,"ocean_menu_typo_spacing_tablet":0,"ocean_menu_typo_spacing_mobile":0,"ocean_menu_typo_spacing_unit":"","ocean_menu_link_color":"","ocean_menu_link_color_hover":"","ocean_menu_link_color_active":"","ocean_menu_link_background":"","ocean_menu_link_hover_background":"","ocean_menu_link_active_background":"","ocean_menu_social_links_bg":"","ocean_menu_social_hover_links_bg":"","ocean_menu_social_links_color":"","ocean_menu_social_hover_links_color":"","ocean_disable_title":"default","ocean_disable_heading":"default","ocean_post_title":"","ocean_post_subheading":"","ocean_post_title_style":"","ocean_post_title_background_color":"","ocean_post_title_background":0,"ocean_post_title_bg_image_position":"","ocean_post_title_bg_image_attachment":"","ocean_post_title_bg_image_repeat":"","ocean_post_title_bg_image_size":"","ocean_post_title_height":0,"ocean_post_title_bg_overlay":0.5,"ocean_post_title_bg_overlay_color":"","ocean_disable_breadcrumbs":"default","ocean_breadcrumbs_color":"","ocean_breadcrumbs_separator_color":"","ocean_breadcrumbs_links_color":"","ocean_breadcrumbs_links_hover_color":"","ocean_display_footer_widgets":"default","ocean_display_footer_bottom":"default","ocean_custom_footer_template":"","ocean_post_oembed":"","ocean_post_self_hosted_media":"","ocean_post_video_embed":"","ocean_link_format":"","ocean_link_format_target":"self","ocean_quote_format":"","ocean_quote_format_link":"post","ocean_gallery_link_images":"on","ocean_gallery_id":[],"footnotes":""},"categories":[1],"tags":[],"class_list":["post-59","post","type-post","status-publish","format-standard","hentry","category-sem-categoria","entry"],"yoast_head":"<!-- This site is optimized with the Yoast SEO plugin v27.2 - https:\/\/yoast.com\/product\/yoast-seo-wordpress\/ -->\n<title>O HOMEN QUE REVOLUCIONOU O JIU JITSU MUNDIAL, CRIANDO O BRAZILIAN JIU JITSU\u00a0 - E da Luta<\/title>\n<meta name=\"robots\" content=\"index, follow, max-snippet:-1, max-image-preview:large, max-video-preview:-1\" \/>\n<link rel=\"canonical\" href=\"https:\/\/edaluta.com.br\/?p=59\" \/>\n<meta property=\"og:locale\" content=\"pt_BR\" \/>\n<meta property=\"og:type\" content=\"article\" \/>\n<meta property=\"og:title\" content=\"O HOMEN QUE REVOLUCIONOU O JIU JITSU MUNDIAL, CRIANDO O BRAZILIAN JIU JITSU\u00a0 - E da Luta\" \/>\n<meta property=\"og:description\" content=\"Conhecido como Mestre H\u00e9lio Gracie, Faixa Vermelha de Jiu Jitsu, Esse brasileiro, Belenense Mestre H\u00e9lio Gracie, nasceu em 1\u00ba de outubro de 1913, em Bel\u00e9m do Par\u00e1, Brasil. Era o filho mais novo de Gast\u00e3o Gracie. Quando crian\u00e7a, era considerado fraco e doentio, sofrendo de desmaios frequentes e limita\u00e7\u00f5es f\u00edsicas que o impediam de praticar [&hellip;]\" \/>\n<meta property=\"og:url\" content=\"https:\/\/edaluta.com.br\/?p=59\" \/>\n<meta property=\"og:site_name\" content=\"E da Luta\" \/>\n<meta property=\"article:published_time\" content=\"2026-03-25T11:01:21+00:00\" \/>\n<meta property=\"article:modified_time\" content=\"2026-03-25T11:03:42+00:00\" \/>\n<meta property=\"og:image\" content=\"http:\/\/edaluta.com.br\/wp-content\/uploads\/2026\/03\/WhatsApp-Image-2026-03-25-at-07.28.37-2-1-1024x1018.jpeg\" \/>\n<meta name=\"author\" content=\"joao ramalho\" \/>\n<meta name=\"twitter:card\" content=\"summary_large_image\" \/>\n<meta name=\"twitter:label1\" content=\"Escrito por\" \/>\n\t<meta name=\"twitter:data1\" content=\"joao ramalho\" \/>\n\t<meta name=\"twitter:label2\" content=\"Est. tempo de leitura\" \/>\n\t<meta name=\"twitter:data2\" content=\"3 minutos\" \/>\n<script type=\"application\/ld+json\" class=\"yoast-schema-graph\">{\"@context\":\"https:\/\/schema.org\",\"@graph\":[{\"@type\":\"Article\",\"@id\":\"https:\/\/edaluta.com.br\/?p=59#article\",\"isPartOf\":{\"@id\":\"https:\/\/edaluta.com.br\/?p=59\"},\"author\":{\"name\":\"joao ramalho\",\"@id\":\"https:\/\/edaluta.com.br\/#\/schema\/person\/11ff9ccd6c9f36c5cecd95d2586585aa\"},\"headline\":\"O HOMEN QUE REVOLUCIONOU O JIU JITSU MUNDIAL, CRIANDO O BRAZILIAN JIU JITSU\u00a0\",\"datePublished\":\"2026-03-25T11:01:21+00:00\",\"dateModified\":\"2026-03-25T11:03:42+00:00\",\"mainEntityOfPage\":{\"@id\":\"https:\/\/edaluta.com.br\/?p=59\"},\"wordCount\":431,\"commentCount\":0,\"publisher\":{\"@id\":\"https:\/\/edaluta.com.br\/#organization\"},\"image\":{\"@id\":\"https:\/\/edaluta.com.br\/?p=59#primaryimage\"},\"thumbnailUrl\":\"http:\/\/edaluta.com.br\/wp-content\/uploads\/2026\/03\/WhatsApp-Image-2026-03-25-at-07.28.37-2-1-1024x1018.jpeg\",\"inLanguage\":\"pt-BR\",\"potentialAction\":[{\"@type\":\"CommentAction\",\"name\":\"Comment\",\"target\":[\"https:\/\/edaluta.com.br\/?p=59#respond\"]}]},{\"@type\":\"WebPage\",\"@id\":\"https:\/\/edaluta.com.br\/?p=59\",\"url\":\"https:\/\/edaluta.com.br\/?p=59\",\"name\":\"O HOMEN QUE REVOLUCIONOU O JIU JITSU MUNDIAL, CRIANDO O BRAZILIAN JIU JITSU\u00a0 - E da Luta\",\"isPartOf\":{\"@id\":\"https:\/\/edaluta.com.br\/#website\"},\"primaryImageOfPage\":{\"@id\":\"https:\/\/edaluta.com.br\/?p=59#primaryimage\"},\"image\":{\"@id\":\"https:\/\/edaluta.com.br\/?p=59#primaryimage\"},\"thumbnailUrl\":\"http:\/\/edaluta.com.br\/wp-content\/uploads\/2026\/03\/WhatsApp-Image-2026-03-25-at-07.28.37-2-1-1024x1018.jpeg\",\"datePublished\":\"2026-03-25T11:01:21+00:00\",\"dateModified\":\"2026-03-25T11:03:42+00:00\",\"breadcrumb\":{\"@id\":\"https:\/\/edaluta.com.br\/?p=59#breadcrumb\"},\"inLanguage\":\"pt-BR\",\"potentialAction\":[{\"@type\":\"ReadAction\",\"target\":[\"https:\/\/edaluta.com.br\/?p=59\"]}]},{\"@type\":\"ImageObject\",\"inLanguage\":\"pt-BR\",\"@id\":\"https:\/\/edaluta.com.br\/?p=59#primaryimage\",\"url\":\"https:\/\/edaluta.com.br\/wp-content\/uploads\/2026\/03\/WhatsApp-Image-2026-03-25-at-07.28.37-2-1.jpeg\",\"contentUrl\":\"https:\/\/edaluta.com.br\/wp-content\/uploads\/2026\/03\/WhatsApp-Image-2026-03-25-at-07.28.37-2-1.jpeg\",\"width\":1280,\"height\":1273,\"caption\":\"FOTO H\u00c9LIO GRACIE\"},{\"@type\":\"BreadcrumbList\",\"@id\":\"https:\/\/edaluta.com.br\/?p=59#breadcrumb\",\"itemListElement\":[{\"@type\":\"ListItem\",\"position\":1,\"name\":\"In\u00edcio\",\"item\":\"https:\/\/edaluta.com.br\/\"},{\"@type\":\"ListItem\",\"position\":2,\"name\":\"O HOMEN QUE REVOLUCIONOU O JIU JITSU MUNDIAL, CRIANDO O BRAZILIAN JIU JITSU\u00a0\"}]},{\"@type\":\"WebSite\",\"@id\":\"https:\/\/edaluta.com.br\/#website\",\"url\":\"https:\/\/edaluta.com.br\/\",\"name\":\"E da Luta\",\"description\":\"\",\"publisher\":{\"@id\":\"https:\/\/edaluta.com.br\/#organization\"},\"potentialAction\":[{\"@type\":\"SearchAction\",\"target\":{\"@type\":\"EntryPoint\",\"urlTemplate\":\"https:\/\/edaluta.com.br\/?s={search_term_string}\"},\"query-input\":{\"@type\":\"PropertyValueSpecification\",\"valueRequired\":true,\"valueName\":\"search_term_string\"}}],\"inLanguage\":\"pt-BR\"},{\"@type\":\"Organization\",\"@id\":\"https:\/\/edaluta.com.br\/#organization\",\"name\":\"E da Luta\",\"url\":\"https:\/\/edaluta.com.br\/\",\"logo\":{\"@type\":\"ImageObject\",\"inLanguage\":\"pt-BR\",\"@id\":\"https:\/\/edaluta.com.br\/#\/schema\/logo\/image\/\",\"url\":\"https:\/\/edaluta.com.br\/wp-content\/uploads\/2026\/03\/cropped-cropped-Design-sem-nome.png\",\"contentUrl\":\"https:\/\/edaluta.com.br\/wp-content\/uploads\/2026\/03\/cropped-cropped-Design-sem-nome.png\",\"width\":541,\"height\":456,\"caption\":\"E da Luta\"},\"image\":{\"@id\":\"https:\/\/edaluta.com.br\/#\/schema\/logo\/image\/\"}},{\"@type\":\"Person\",\"@id\":\"https:\/\/edaluta.com.br\/#\/schema\/person\/11ff9ccd6c9f36c5cecd95d2586585aa\",\"name\":\"joao ramalho\",\"image\":{\"@type\":\"ImageObject\",\"inLanguage\":\"pt-BR\",\"@id\":\"https:\/\/secure.gravatar.com\/avatar\/6759cb08c45545a2a212f04128ed8befab0998ae707f54542a098b4321d508eb?s=96&d=mm&r=g\",\"url\":\"https:\/\/secure.gravatar.com\/avatar\/6759cb08c45545a2a212f04128ed8befab0998ae707f54542a098b4321d508eb?s=96&d=mm&r=g\",\"contentUrl\":\"https:\/\/secure.gravatar.com\/avatar\/6759cb08c45545a2a212f04128ed8befab0998ae707f54542a098b4321d508eb?s=96&d=mm&r=g\",\"caption\":\"joao ramalho\"},\"url\":\"https:\/\/edaluta.com.br\/?author=2\"}]}<\/script>\n<!-- \/ Yoast SEO plugin. -->","yoast_head_json":{"title":"O HOMEN QUE REVOLUCIONOU O JIU JITSU MUNDIAL, CRIANDO O BRAZILIAN JIU JITSU\u00a0 - E da Luta","robots":{"index":"index","follow":"follow","max-snippet":"max-snippet:-1","max-image-preview":"max-image-preview:large","max-video-preview":"max-video-preview:-1"},"canonical":"https:\/\/edaluta.com.br\/?p=59","og_locale":"pt_BR","og_type":"article","og_title":"O HOMEN QUE REVOLUCIONOU O JIU JITSU MUNDIAL, CRIANDO O BRAZILIAN JIU JITSU\u00a0 - E da Luta","og_description":"Conhecido como Mestre H\u00e9lio Gracie, Faixa Vermelha de Jiu Jitsu, Esse brasileiro, Belenense Mestre H\u00e9lio Gracie, nasceu em 1\u00ba de outubro de 1913, em Bel\u00e9m do Par\u00e1, Brasil. Era o filho mais novo de Gast\u00e3o Gracie. Quando crian\u00e7a, era considerado fraco e doentio, sofrendo de desmaios frequentes e limita\u00e7\u00f5es f\u00edsicas que o impediam de praticar [&hellip;]","og_url":"https:\/\/edaluta.com.br\/?p=59","og_site_name":"E da Luta","article_published_time":"2026-03-25T11:01:21+00:00","article_modified_time":"2026-03-25T11:03:42+00:00","og_image":[{"url":"http:\/\/edaluta.com.br\/wp-content\/uploads\/2026\/03\/WhatsApp-Image-2026-03-25-at-07.28.37-2-1-1024x1018.jpeg","type":"","width":"","height":""}],"author":"joao ramalho","twitter_card":"summary_large_image","twitter_misc":{"Escrito por":"joao ramalho","Est. tempo de leitura":"3 minutos"},"schema":{"@context":"https:\/\/schema.org","@graph":[{"@type":"Article","@id":"https:\/\/edaluta.com.br\/?p=59#article","isPartOf":{"@id":"https:\/\/edaluta.com.br\/?p=59"},"author":{"name":"joao ramalho","@id":"https:\/\/edaluta.com.br\/#\/schema\/person\/11ff9ccd6c9f36c5cecd95d2586585aa"},"headline":"O HOMEN QUE REVOLUCIONOU O JIU JITSU MUNDIAL, CRIANDO O BRAZILIAN JIU JITSU\u00a0","datePublished":"2026-03-25T11:01:21+00:00","dateModified":"2026-03-25T11:03:42+00:00","mainEntityOfPage":{"@id":"https:\/\/edaluta.com.br\/?p=59"},"wordCount":431,"commentCount":0,"publisher":{"@id":"https:\/\/edaluta.com.br\/#organization"},"image":{"@id":"https:\/\/edaluta.com.br\/?p=59#primaryimage"},"thumbnailUrl":"http:\/\/edaluta.com.br\/wp-content\/uploads\/2026\/03\/WhatsApp-Image-2026-03-25-at-07.28.37-2-1-1024x1018.jpeg","inLanguage":"pt-BR","potentialAction":[{"@type":"CommentAction","name":"Comment","target":["https:\/\/edaluta.com.br\/?p=59#respond"]}]},{"@type":"WebPage","@id":"https:\/\/edaluta.com.br\/?p=59","url":"https:\/\/edaluta.com.br\/?p=59","name":"O HOMEN QUE REVOLUCIONOU O JIU JITSU MUNDIAL, CRIANDO O BRAZILIAN JIU JITSU\u00a0 - E da Luta","isPartOf":{"@id":"https:\/\/edaluta.com.br\/#website"},"primaryImageOfPage":{"@id":"https:\/\/edaluta.com.br\/?p=59#primaryimage"},"image":{"@id":"https:\/\/edaluta.com.br\/?p=59#primaryimage"},"thumbnailUrl":"http:\/\/edaluta.com.br\/wp-content\/uploads\/2026\/03\/WhatsApp-Image-2026-03-25-at-07.28.37-2-1-1024x1018.jpeg","datePublished":"2026-03-25T11:01:21+00:00","dateModified":"2026-03-25T11:03:42+00:00","breadcrumb":{"@id":"https:\/\/edaluta.com.br\/?p=59#breadcrumb"},"inLanguage":"pt-BR","potentialAction":[{"@type":"ReadAction","target":["https:\/\/edaluta.com.br\/?p=59"]}]},{"@type":"ImageObject","inLanguage":"pt-BR","@id":"https:\/\/edaluta.com.br\/?p=59#primaryimage","url":"https:\/\/edaluta.com.br\/wp-content\/uploads\/2026\/03\/WhatsApp-Image-2026-03-25-at-07.28.37-2-1.jpeg","contentUrl":"https:\/\/edaluta.com.br\/wp-content\/uploads\/2026\/03\/WhatsApp-Image-2026-03-25-at-07.28.37-2-1.jpeg","width":1280,"height":1273,"caption":"FOTO H\u00c9LIO GRACIE"},{"@type":"BreadcrumbList","@id":"https:\/\/edaluta.com.br\/?p=59#breadcrumb","itemListElement":[{"@type":"ListItem","position":1,"name":"In\u00edcio","item":"https:\/\/edaluta.com.br\/"},{"@type":"ListItem","position":2,"name":"O HOMEN QUE REVOLUCIONOU O JIU JITSU MUNDIAL, CRIANDO O BRAZILIAN JIU JITSU\u00a0"}]},{"@type":"WebSite","@id":"https:\/\/edaluta.com.br\/#website","url":"https:\/\/edaluta.com.br\/","name":"E da Luta","description":"","publisher":{"@id":"https:\/\/edaluta.com.br\/#organization"},"potentialAction":[{"@type":"SearchAction","target":{"@type":"EntryPoint","urlTemplate":"https:\/\/edaluta.com.br\/?s={search_term_string}"},"query-input":{"@type":"PropertyValueSpecification","valueRequired":true,"valueName":"search_term_string"}}],"inLanguage":"pt-BR"},{"@type":"Organization","@id":"https:\/\/edaluta.com.br\/#organization","name":"E da Luta","url":"https:\/\/edaluta.com.br\/","logo":{"@type":"ImageObject","inLanguage":"pt-BR","@id":"https:\/\/edaluta.com.br\/#\/schema\/logo\/image\/","url":"https:\/\/edaluta.com.br\/wp-content\/uploads\/2026\/03\/cropped-cropped-Design-sem-nome.png","contentUrl":"https:\/\/edaluta.com.br\/wp-content\/uploads\/2026\/03\/cropped-cropped-Design-sem-nome.png","width":541,"height":456,"caption":"E da Luta"},"image":{"@id":"https:\/\/edaluta.com.br\/#\/schema\/logo\/image\/"}},{"@type":"Person","@id":"https:\/\/edaluta.com.br\/#\/schema\/person\/11ff9ccd6c9f36c5cecd95d2586585aa","name":"joao ramalho","image":{"@type":"ImageObject","inLanguage":"pt-BR","@id":"https:\/\/secure.gravatar.com\/avatar\/6759cb08c45545a2a212f04128ed8befab0998ae707f54542a098b4321d508eb?s=96&d=mm&r=g","url":"https:\/\/secure.gravatar.com\/avatar\/6759cb08c45545a2a212f04128ed8befab0998ae707f54542a098b4321d508eb?s=96&d=mm&r=g","contentUrl":"https:\/\/secure.gravatar.com\/avatar\/6759cb08c45545a2a212f04128ed8befab0998ae707f54542a098b4321d508eb?s=96&d=mm&r=g","caption":"joao ramalho"},"url":"https:\/\/edaluta.com.br\/?author=2"}]}},"_links":{"self":[{"href":"https:\/\/edaluta.com.br\/index.php?rest_route=\/wp\/v2\/posts\/59","targetHints":{"allow":["GET"]}}],"collection":[{"href":"https:\/\/edaluta.com.br\/index.php?rest_route=\/wp\/v2\/posts"}],"about":[{"href":"https:\/\/edaluta.com.br\/index.php?rest_route=\/wp\/v2\/types\/post"}],"author":[{"embeddable":true,"href":"https:\/\/edaluta.com.br\/index.php?rest_route=\/wp\/v2\/users\/2"}],"replies":[{"embeddable":true,"href":"https:\/\/edaluta.com.br\/index.php?rest_route=%2Fwp%2Fv2%2Fcomments&post=59"}],"version-history":[{"count":2,"href":"https:\/\/edaluta.com.br\/index.php?rest_route=\/wp\/v2\/posts\/59\/revisions"}],"predecessor-version":[{"id":67,"href":"https:\/\/edaluta.com.br\/index.php?rest_route=\/wp\/v2\/posts\/59\/revisions\/67"}],"wp:attachment":[{"href":"https:\/\/edaluta.com.br\/index.php?rest_route=%2Fwp%2Fv2%2Fmedia&parent=59"}],"wp:term":[{"taxonomy":"category","embeddable":true,"href":"https:\/\/edaluta.com.br\/index.php?rest_route=%2Fwp%2Fv2%2Fcategories&post=59"},{"taxonomy":"post_tag","embeddable":true,"href":"https:\/\/edaluta.com.br\/index.php?rest_route=%2Fwp%2Fv2%2Ftags&post=59"}],"curies":[{"name":"wp","href":"https:\/\/api.w.org\/{rel}","templated":true}]}}