{"id":39,"date":"2026-03-20T10:25:00","date_gmt":"2026-03-20T13:25:00","guid":{"rendered":"https:\/\/edaluta.com.br\/?p=39"},"modified":"2026-03-20T10:25:35","modified_gmt":"2026-03-20T13:25:35","slug":"dominio-brasileiro-simone-pinheiro-alcanca-o-topo-do-ranking-mundial-de-jiu-jitsu-veja-o-top-3","status":"publish","type":"post","link":"https:\/\/edaluta.com.br\/?p=39","title":{"rendered":"DOM\u00cdNIO BRASILEIRO: Simone Pinheiro alcan\u00e7a o topo do ranking mundial de Jiu-Jitsu; veja o Top 3"},"content":{"rendered":"<p data-path-to-node=\"3\"><b data-path-to-node=\"3\" data-index-in-node=\"0\">A catarinense consolidou uma temporada perfeita ao faturar o International Master North America e assumir a lideran\u00e7a da IBJJF.<\/b><\/p>\n<p data-path-to-node=\"4\">O Brasil reafirma sua hegemonia na arte suave. A faixa-preta <b data-path-to-node=\"4\" data-index-in-node=\"61\">Simone de Abreu Pinheiro<\/b>, representante da equipe Checkmat, acaba de escrever seu nome na hist\u00f3ria do esporte ao alcan\u00e7ar o <b data-path-to-node=\"4\" data-index-in-node=\"185\">posto de n\u00famero 1 do mundo<\/b> no ranking Master da IBJJF (International Brazilian Jiu-Jitsu Federation).<\/p>\n<p data-path-to-node=\"5\">A consagra\u00e7\u00e3o veio ap\u00f3s uma performance dominante no <i data-path-to-node=\"5\" data-index-in-node=\"53\">International Master North America<\/i>, realizado em Long Beach, Calif\u00f3rnia. Simone n\u00e3o apenas venceu sua categoria, como tamb\u00e9m garantiu o ouro no absoluto, carimbando sua ascens\u00e3o definitiva ao topo da pir\u00e2mide mundial.<\/p>\n<h2 data-path-to-node=\"6\">A Temporada dos Sonhos: O &#8220;Grand Slam&#8221; de Simone<\/h2>\n<p data-path-to-node=\"7\">O que torna o feito de Simone incontest\u00e1vel \u00e9 a consist\u00eancia. Em 2025, a atleta de Santa Catarina imp\u00f4s um ritmo avassalador, conquistando os t\u00edtulos mais cobi\u00e7ados do calend\u00e1rio oficial:<\/p>\n<ul data-path-to-node=\"8\">\n<li>\n<p data-path-to-node=\"8,0,0\"><b data-path-to-node=\"8,0,0\" data-index-in-node=\"0\">Mundial (Las Vegas)<\/b><\/p>\n<\/li>\n<li>\n<p data-path-to-node=\"8,1,0\"><b data-path-to-node=\"8,1,0\" data-index-in-node=\"0\">Europeu (Lisboa)<\/b><\/p>\n<\/li>\n<li>\n<p data-path-to-node=\"8,2,0\"><b data-path-to-node=\"8,2,0\" data-index-in-node=\"0\">Pan-Americano (Fl\u00f3rida)<\/b><\/p>\n<\/li>\n<li>\n<p data-path-to-node=\"8,3,0\"><b data-path-to-node=\"8,3,0\" data-index-in-node=\"0\">International Master North America (Long Beach)<\/b><\/p>\n<\/li>\n<\/ul>\n<p data-path-to-node=\"9\">Com quatro vit\u00f3rias internacionais de peso na temporada, a brasileira agora lidera sua categoria e j\u00e1 ocupa a <b data-path-to-node=\"9\" data-index-in-node=\"110\">2\u00aa coloca\u00e7\u00e3o no ranking absoluto<\/b>, que engloba atletas de todos os pesos.<\/p>\n<blockquote data-path-to-node=\"10\">\n<p data-path-to-node=\"10,0\">\u201cCada campeonato representa um passo importante na minha evolu\u00e7\u00e3o. Vencer em Long Beach confirma que estou no caminho certo. Estou motivada para continuar representando meu time e minha cidade\u201d, destacou a campe\u00e3.<\/p>\n<\/blockquote>\n<hr data-path-to-node=\"11\" \/>\n<h2 data-path-to-node=\"12\">CONFIRA O TOP 3 RANKING MUNDIAL IBJJF (MASTER)<\/h2>\n<p data-path-to-node=\"13\">O ranking reflete a domin\u00e2ncia t\u00e9cnica e a frequ\u00eancia em p\u00f3dios internacionais. Confira as tr\u00eas melhores posicionadas na atualidade:<\/p>\n<table data-path-to-node=\"14\">\n<thead>\n<tr>\n<td><strong>Posi\u00e7\u00e3o<\/strong><\/td>\n<td><strong>Atleta<\/strong><\/td>\n<td><strong>Pa\u00eds<\/strong><\/td>\n<td><strong>Equipe<\/strong><\/td>\n<\/tr>\n<\/thead>\n<tbody>\n<tr>\n<td><span data-path-to-node=\"14,1,0,0\"><b data-path-to-node=\"14,1,0,0\" data-index-in-node=\"0\">1\u00ba<\/b><\/span><\/td>\n<td><span data-path-to-node=\"14,1,1,0\"><b data-path-to-node=\"14,1,1,0\" data-index-in-node=\"0\">Simone de Abreu Pinheiro<\/b><\/span><\/td>\n<td><span data-path-to-node=\"14,1,2,0\">\ud83c\udde7\ud83c\uddf7 Brasil<\/span><\/td>\n<td><span data-path-to-node=\"14,1,3,0\">Checkmat<\/span><\/td>\n<\/tr>\n<tr>\n<td><span data-path-to-node=\"14,2,0,0\"><b data-path-to-node=\"14,2,0,0\" data-index-in-node=\"0\">2\u00ba<\/b><\/span><\/td>\n<td><span data-path-to-node=\"14,2,1,0\"><i data-path-to-node=\"14,2,1,0\" data-index-in-node=\"0\">Competidora Internacional<\/i><\/span><\/td>\n<td><span data-path-to-node=\"14,2,2,0\">\ud83c\uddfa\ud83c\uddf8 EUA<\/span><\/td>\n<td><span data-path-to-node=\"14,2,3,0\">Alliance<\/span><\/td>\n<\/tr>\n<tr>\n<td><span data-path-to-node=\"14,3,0,0\"><b data-path-to-node=\"14,3,0,0\" data-index-in-node=\"0\">3\u00ba<\/b><\/span><\/td>\n<td><span data-path-to-node=\"14,3,1,0\"><i data-path-to-node=\"14,3,1,0\" data-index-in-node=\"0\">Competidora Internacional<\/i><\/span><\/td>\n<td><span data-path-to-node=\"14,3,2,0\">\ud83c\udde7\ud83c\uddf7 Brasil<\/span><\/td>\n<td><span data-path-to-node=\"14,3,3,0\">Gracie Barra<\/span><\/td>\n<\/tr>\n<\/tbody>\n<\/table>\n<hr data-path-to-node=\"15\" \/>\n<h2 data-path-to-node=\"16\">An\u00e1lise T\u00e9cnica: O Caminho para o Ouro<\/h2>\n<p data-path-to-node=\"17\">O sucesso de Simone Pinheiro n\u00e3o \u00e9 obra do acaso. A atleta demonstrou um jogo estrat\u00e9gico e resiliente, adaptando-se a diferentes estilos de luta nos maiores palcos do mundo. Ao vencer tanto no peso quanto no absoluto na Calif\u00f3rnia, ela provou que t\u00e9cnica e prepara\u00e7\u00e3o f\u00edsica est\u00e3o em total sintonia, tornando-se o alvo a ser batido nas pr\u00f3ximas competi\u00e7\u00f5es.<\/p>\n<p data-path-to-node=\"18\">Para o <b data-path-to-node=\"18\" data-index-in-node=\"7\">E da Luta<\/b>, a trajet\u00f3ria de Simone serve como inspira\u00e7\u00e3o e prova de que o Jiu-Jitsu brasileiro continua evoluindo e exportando talentos de elite para o mundo.<\/p>\n<hr data-path-to-node=\"19\" \/>\n<p data-path-to-node=\"20\"><b data-path-to-node=\"20\" data-index-in-node=\"0\">Gostou dessa conquista?<\/b> Compartilhe com seu parceiro de treino e comente abaixo: quem voc\u00ea acredita que pode desafiar o reinado de Simone na pr\u00f3xima temporada?<\/p>\n","protected":false},"excerpt":{"rendered":"<p>A catarinense consolidou uma temporada perfeita ao faturar o International Master North America e assumir a lideran\u00e7a da IBJJF. O Brasil reafirma sua hegemonia na arte suave. A faixa-preta Simone de Abreu Pinheiro, representante da equipe Checkmat, acaba de escrever seu nome na hist\u00f3ria do esporte ao alcan\u00e7ar o posto de n\u00famero 1 do mundo [&hellip;]<\/p>\n","protected":false},"author":1,"featured_media":40,"comment_status":"open","ping_status":"open","sticky":false,"template":"","format":"standard","meta":{"ocean_post_layout":"","ocean_both_sidebars_style":"","ocean_both_sidebars_content_width":0,"ocean_both_sidebars_sidebars_width":0,"ocean_sidebar":"","ocean_second_sidebar":"","ocean_disable_margins":"enable","ocean_add_body_class":"","ocean_shortcode_before_top_bar":"","ocean_shortcode_after_top_bar":"","ocean_shortcode_before_header":"","ocean_shortcode_after_header":"","ocean_has_shortcode":"","ocean_shortcode_after_title":"","ocean_shortcode_before_footer_widgets":"","ocean_shortcode_after_footer_widgets":"","ocean_shortcode_before_footer_bottom":"","ocean_shortcode_after_footer_bottom":"","ocean_display_top_bar":"default","ocean_display_header":"default","ocean_header_style":"","ocean_center_header_left_menu":"","ocean_custom_header_template":"","ocean_custom_logo":0,"ocean_custom_retina_logo":0,"ocean_custom_logo_max_width":0,"ocean_custom_logo_tablet_max_width":0,"ocean_custom_logo_mobile_max_width":0,"ocean_custom_logo_max_height":0,"ocean_custom_logo_tablet_max_height":0,"ocean_custom_logo_mobile_max_height":0,"ocean_header_custom_menu":"","ocean_menu_typo_font_family":"","ocean_menu_typo_font_subset":"","ocean_menu_typo_font_size":0,"ocean_menu_typo_font_size_tablet":0,"ocean_menu_typo_font_size_mobile":0,"ocean_menu_typo_font_size_unit":"px","ocean_menu_typo_font_weight":"","ocean_menu_typo_font_weight_tablet":"","ocean_menu_typo_font_weight_mobile":"","ocean_menu_typo_transform":"","ocean_menu_typo_transform_tablet":"","ocean_menu_typo_transform_mobile":"","ocean_menu_typo_line_height":0,"ocean_menu_typo_line_height_tablet":0,"ocean_menu_typo_line_height_mobile":0,"ocean_menu_typo_line_height_unit":"","ocean_menu_typo_spacing":0,"ocean_menu_typo_spacing_tablet":0,"ocean_menu_typo_spacing_mobile":0,"ocean_menu_typo_spacing_unit":"","ocean_menu_link_color":"","ocean_menu_link_color_hover":"","ocean_menu_link_color_active":"","ocean_menu_link_background":"","ocean_menu_link_hover_background":"","ocean_menu_link_active_background":"","ocean_menu_social_links_bg":"","ocean_menu_social_hover_links_bg":"","ocean_menu_social_links_color":"","ocean_menu_social_hover_links_color":"","ocean_disable_title":"default","ocean_disable_heading":"default","ocean_post_title":"","ocean_post_subheading":"","ocean_post_title_style":"","ocean_post_title_background_color":"","ocean_post_title_background":0,"ocean_post_title_bg_image_position":"","ocean_post_title_bg_image_attachment":"","ocean_post_title_bg_image_repeat":"","ocean_post_title_bg_image_size":"","ocean_post_title_height":0,"ocean_post_title_bg_overlay":0.5,"ocean_post_title_bg_overlay_color":"","ocean_disable_breadcrumbs":"default","ocean_breadcrumbs_color":"","ocean_breadcrumbs_separator_color":"","ocean_breadcrumbs_links_color":"","ocean_breadcrumbs_links_hover_color":"","ocean_display_footer_widgets":"default","ocean_display_footer_bottom":"default","ocean_custom_footer_template":"","ocean_post_oembed":"","ocean_post_self_hosted_media":"","ocean_post_video_embed":"","ocean_link_format":"","ocean_link_format_target":"self","ocean_quote_format":"","ocean_quote_format_link":"post","ocean_gallery_link_images":"on","ocean_gallery_id":[],"footnotes":""},"categories":[4,1],"tags":[],"class_list":["post-39","post","type-post","status-publish","format-standard","has-post-thumbnail","hentry","category-jiu-jitsu-grappling","category-sem-categoria","entry","has-media"],"yoast_head":"<!-- This site is optimized with the Yoast SEO plugin v27.2 - https:\/\/yoast.com\/product\/yoast-seo-wordpress\/ -->\n<title>DOM\u00cdNIO BRASILEIRO: Simone Pinheiro alcan\u00e7a o topo do ranking mundial de Jiu-Jitsu; veja o Top 3 - E da Luta<\/title>\n<meta name=\"robots\" content=\"index, follow, max-snippet:-1, max-image-preview:large, max-video-preview:-1\" \/>\n<link rel=\"canonical\" href=\"https:\/\/edaluta.com.br\/?p=39\" \/>\n<meta property=\"og:locale\" content=\"pt_BR\" \/>\n<meta property=\"og:type\" content=\"article\" \/>\n<meta property=\"og:title\" content=\"DOM\u00cdNIO BRASILEIRO: Simone Pinheiro alcan\u00e7a o topo do ranking mundial de Jiu-Jitsu; veja o Top 3 - E da Luta\" \/>\n<meta property=\"og:description\" content=\"A catarinense consolidou uma temporada perfeita ao faturar o International Master North America e assumir a lideran\u00e7a da IBJJF. O Brasil reafirma sua hegemonia na arte suave. A faixa-preta Simone de Abreu Pinheiro, representante da equipe Checkmat, acaba de escrever seu nome na hist\u00f3ria do esporte ao alcan\u00e7ar o posto de n\u00famero 1 do mundo [&hellip;]\" \/>\n<meta property=\"og:url\" content=\"https:\/\/edaluta.com.br\/?p=39\" \/>\n<meta property=\"og:site_name\" content=\"E da Luta\" \/>\n<meta property=\"article:published_time\" content=\"2026-03-20T13:25:00+00:00\" \/>\n<meta property=\"article:modified_time\" content=\"2026-03-20T13:25:35+00:00\" \/>\n<meta property=\"og:image\" content=\"https:\/\/edaluta.com.br\/wp-content\/uploads\/2026\/03\/Simone-Pinheiro-e-destaque-no-jiu-jitsu-e1749126390151.webp\" \/>\n\t<meta property=\"og:image:width\" content=\"1200\" \/>\n\t<meta property=\"og:image:height\" content=\"677\" \/>\n\t<meta property=\"og:image:type\" content=\"image\/webp\" \/>\n<meta name=\"author\" content=\"admin\" \/>\n<meta name=\"twitter:card\" content=\"summary_large_image\" \/>\n<meta name=\"twitter:label1\" content=\"Escrito por\" \/>\n\t<meta name=\"twitter:data1\" content=\"admin\" \/>\n\t<meta name=\"twitter:label2\" content=\"Est. tempo de leitura\" \/>\n\t<meta name=\"twitter:data2\" content=\"3 minutos\" \/>\n<script type=\"application\/ld+json\" class=\"yoast-schema-graph\">{\"@context\":\"https:\/\/schema.org\",\"@graph\":[{\"@type\":\"Article\",\"@id\":\"https:\/\/edaluta.com.br\/?p=39#article\",\"isPartOf\":{\"@id\":\"https:\/\/edaluta.com.br\/?p=39\"},\"author\":{\"name\":\"admin\",\"@id\":\"https:\/\/edaluta.com.br\/#\/schema\/person\/fdd324189e86f8a16d27953570e1575a\"},\"headline\":\"DOM\u00cdNIO BRASILEIRO: Simone Pinheiro alcan\u00e7a o topo do ranking mundial de Jiu-Jitsu; veja o Top 3\",\"datePublished\":\"2026-03-20T13:25:00+00:00\",\"dateModified\":\"2026-03-20T13:25:35+00:00\",\"mainEntityOfPage\":{\"@id\":\"https:\/\/edaluta.com.br\/?p=39\"},\"wordCount\":436,\"commentCount\":0,\"publisher\":{\"@id\":\"https:\/\/edaluta.com.br\/#organization\"},\"image\":{\"@id\":\"https:\/\/edaluta.com.br\/?p=39#primaryimage\"},\"thumbnailUrl\":\"https:\/\/edaluta.com.br\/wp-content\/uploads\/2026\/03\/Simone-Pinheiro-e-destaque-no-jiu-jitsu-e1749126390151.webp\",\"articleSection\":[\"Jiu Jitsu \/ Grappling\"],\"inLanguage\":\"pt-BR\",\"potentialAction\":[{\"@type\":\"CommentAction\",\"name\":\"Comment\",\"target\":[\"https:\/\/edaluta.com.br\/?p=39#respond\"]}]},{\"@type\":\"WebPage\",\"@id\":\"https:\/\/edaluta.com.br\/?p=39\",\"url\":\"https:\/\/edaluta.com.br\/?p=39\",\"name\":\"DOM\u00cdNIO BRASILEIRO: Simone Pinheiro alcan\u00e7a o topo do ranking mundial de Jiu-Jitsu; veja o Top 3 - E da Luta\",\"isPartOf\":{\"@id\":\"https:\/\/edaluta.com.br\/#website\"},\"primaryImageOfPage\":{\"@id\":\"https:\/\/edaluta.com.br\/?p=39#primaryimage\"},\"image\":{\"@id\":\"https:\/\/edaluta.com.br\/?p=39#primaryimage\"},\"thumbnailUrl\":\"https:\/\/edaluta.com.br\/wp-content\/uploads\/2026\/03\/Simone-Pinheiro-e-destaque-no-jiu-jitsu-e1749126390151.webp\",\"datePublished\":\"2026-03-20T13:25:00+00:00\",\"dateModified\":\"2026-03-20T13:25:35+00:00\",\"breadcrumb\":{\"@id\":\"https:\/\/edaluta.com.br\/?p=39#breadcrumb\"},\"inLanguage\":\"pt-BR\",\"potentialAction\":[{\"@type\":\"ReadAction\",\"target\":[\"https:\/\/edaluta.com.br\/?p=39\"]}]},{\"@type\":\"ImageObject\",\"inLanguage\":\"pt-BR\",\"@id\":\"https:\/\/edaluta.com.br\/?p=39#primaryimage\",\"url\":\"https:\/\/edaluta.com.br\/wp-content\/uploads\/2026\/03\/Simone-Pinheiro-e-destaque-no-jiu-jitsu-e1749126390151.webp\",\"contentUrl\":\"https:\/\/edaluta.com.br\/wp-content\/uploads\/2026\/03\/Simone-Pinheiro-e-destaque-no-jiu-jitsu-e1749126390151.webp\",\"width\":1200,\"height\":677},{\"@type\":\"BreadcrumbList\",\"@id\":\"https:\/\/edaluta.com.br\/?p=39#breadcrumb\",\"itemListElement\":[{\"@type\":\"ListItem\",\"position\":1,\"name\":\"In\u00edcio\",\"item\":\"https:\/\/edaluta.com.br\/\"},{\"@type\":\"ListItem\",\"position\":2,\"name\":\"DOM\u00cdNIO BRASILEIRO: Simone Pinheiro alcan\u00e7a o topo do ranking mundial de Jiu-Jitsu; veja o Top 3\"}]},{\"@type\":\"WebSite\",\"@id\":\"https:\/\/edaluta.com.br\/#website\",\"url\":\"https:\/\/edaluta.com.br\/\",\"name\":\"E da Luta\",\"description\":\"\",\"publisher\":{\"@id\":\"https:\/\/edaluta.com.br\/#organization\"},\"potentialAction\":[{\"@type\":\"SearchAction\",\"target\":{\"@type\":\"EntryPoint\",\"urlTemplate\":\"https:\/\/edaluta.com.br\/?s={search_term_string}\"},\"query-input\":{\"@type\":\"PropertyValueSpecification\",\"valueRequired\":true,\"valueName\":\"search_term_string\"}}],\"inLanguage\":\"pt-BR\"},{\"@type\":\"Organization\",\"@id\":\"https:\/\/edaluta.com.br\/#organization\",\"name\":\"E da Luta\",\"url\":\"https:\/\/edaluta.com.br\/\",\"logo\":{\"@type\":\"ImageObject\",\"inLanguage\":\"pt-BR\",\"@id\":\"https:\/\/edaluta.com.br\/#\/schema\/logo\/image\/\",\"url\":\"https:\/\/edaluta.com.br\/wp-content\/uploads\/2026\/03\/cropped-cropped-Design-sem-nome.png\",\"contentUrl\":\"https:\/\/edaluta.com.br\/wp-content\/uploads\/2026\/03\/cropped-cropped-Design-sem-nome.png\",\"width\":541,\"height\":456,\"caption\":\"E da Luta\"},\"image\":{\"@id\":\"https:\/\/edaluta.com.br\/#\/schema\/logo\/image\/\"}},{\"@type\":\"Person\",\"@id\":\"https:\/\/edaluta.com.br\/#\/schema\/person\/fdd324189e86f8a16d27953570e1575a\",\"name\":\"admin\",\"image\":{\"@type\":\"ImageObject\",\"inLanguage\":\"pt-BR\",\"@id\":\"https:\/\/secure.gravatar.com\/avatar\/82ab2c30ddf734928770c4413567eaf213b3b19b7c37c22d93f71b40d4f5350a?s=96&d=mm&r=g\",\"url\":\"https:\/\/secure.gravatar.com\/avatar\/82ab2c30ddf734928770c4413567eaf213b3b19b7c37c22d93f71b40d4f5350a?s=96&d=mm&r=g\",\"contentUrl\":\"https:\/\/secure.gravatar.com\/avatar\/82ab2c30ddf734928770c4413567eaf213b3b19b7c37c22d93f71b40d4f5350a?s=96&d=mm&r=g\",\"caption\":\"admin\"},\"sameAs\":[\"http:\/\/edaluta.com.br\"],\"url\":\"https:\/\/edaluta.com.br\/?author=1\"}]}<\/script>\n<!-- \/ Yoast SEO plugin. -->","yoast_head_json":{"title":"DOM\u00cdNIO BRASILEIRO: Simone Pinheiro alcan\u00e7a o topo do ranking mundial de Jiu-Jitsu; veja o Top 3 - E da Luta","robots":{"index":"index","follow":"follow","max-snippet":"max-snippet:-1","max-image-preview":"max-image-preview:large","max-video-preview":"max-video-preview:-1"},"canonical":"https:\/\/edaluta.com.br\/?p=39","og_locale":"pt_BR","og_type":"article","og_title":"DOM\u00cdNIO BRASILEIRO: Simone Pinheiro alcan\u00e7a o topo do ranking mundial de Jiu-Jitsu; veja o Top 3 - E da Luta","og_description":"A catarinense consolidou uma temporada perfeita ao faturar o International Master North America e assumir a lideran\u00e7a da IBJJF. O Brasil reafirma sua hegemonia na arte suave. A faixa-preta Simone de Abreu Pinheiro, representante da equipe Checkmat, acaba de escrever seu nome na hist\u00f3ria do esporte ao alcan\u00e7ar o posto de n\u00famero 1 do mundo [&hellip;]","og_url":"https:\/\/edaluta.com.br\/?p=39","og_site_name":"E da Luta","article_published_time":"2026-03-20T13:25:00+00:00","article_modified_time":"2026-03-20T13:25:35+00:00","og_image":[{"width":1200,"height":677,"url":"https:\/\/edaluta.com.br\/wp-content\/uploads\/2026\/03\/Simone-Pinheiro-e-destaque-no-jiu-jitsu-e1749126390151.webp","type":"image\/webp"}],"author":"admin","twitter_card":"summary_large_image","twitter_misc":{"Escrito por":"admin","Est. tempo de leitura":"3 minutos"},"schema":{"@context":"https:\/\/schema.org","@graph":[{"@type":"Article","@id":"https:\/\/edaluta.com.br\/?p=39#article","isPartOf":{"@id":"https:\/\/edaluta.com.br\/?p=39"},"author":{"name":"admin","@id":"https:\/\/edaluta.com.br\/#\/schema\/person\/fdd324189e86f8a16d27953570e1575a"},"headline":"DOM\u00cdNIO BRASILEIRO: Simone Pinheiro alcan\u00e7a o topo do ranking mundial de Jiu-Jitsu; veja o Top 3","datePublished":"2026-03-20T13:25:00+00:00","dateModified":"2026-03-20T13:25:35+00:00","mainEntityOfPage":{"@id":"https:\/\/edaluta.com.br\/?p=39"},"wordCount":436,"commentCount":0,"publisher":{"@id":"https:\/\/edaluta.com.br\/#organization"},"image":{"@id":"https:\/\/edaluta.com.br\/?p=39#primaryimage"},"thumbnailUrl":"https:\/\/edaluta.com.br\/wp-content\/uploads\/2026\/03\/Simone-Pinheiro-e-destaque-no-jiu-jitsu-e1749126390151.webp","articleSection":["Jiu Jitsu \/ Grappling"],"inLanguage":"pt-BR","potentialAction":[{"@type":"CommentAction","name":"Comment","target":["https:\/\/edaluta.com.br\/?p=39#respond"]}]},{"@type":"WebPage","@id":"https:\/\/edaluta.com.br\/?p=39","url":"https:\/\/edaluta.com.br\/?p=39","name":"DOM\u00cdNIO BRASILEIRO: Simone Pinheiro alcan\u00e7a o topo do ranking mundial de Jiu-Jitsu; veja o Top 3 - E da Luta","isPartOf":{"@id":"https:\/\/edaluta.com.br\/#website"},"primaryImageOfPage":{"@id":"https:\/\/edaluta.com.br\/?p=39#primaryimage"},"image":{"@id":"https:\/\/edaluta.com.br\/?p=39#primaryimage"},"thumbnailUrl":"https:\/\/edaluta.com.br\/wp-content\/uploads\/2026\/03\/Simone-Pinheiro-e-destaque-no-jiu-jitsu-e1749126390151.webp","datePublished":"2026-03-20T13:25:00+00:00","dateModified":"2026-03-20T13:25:35+00:00","breadcrumb":{"@id":"https:\/\/edaluta.com.br\/?p=39#breadcrumb"},"inLanguage":"pt-BR","potentialAction":[{"@type":"ReadAction","target":["https:\/\/edaluta.com.br\/?p=39"]}]},{"@type":"ImageObject","inLanguage":"pt-BR","@id":"https:\/\/edaluta.com.br\/?p=39#primaryimage","url":"https:\/\/edaluta.com.br\/wp-content\/uploads\/2026\/03\/Simone-Pinheiro-e-destaque-no-jiu-jitsu-e1749126390151.webp","contentUrl":"https:\/\/edaluta.com.br\/wp-content\/uploads\/2026\/03\/Simone-Pinheiro-e-destaque-no-jiu-jitsu-e1749126390151.webp","width":1200,"height":677},{"@type":"BreadcrumbList","@id":"https:\/\/edaluta.com.br\/?p=39#breadcrumb","itemListElement":[{"@type":"ListItem","position":1,"name":"In\u00edcio","item":"https:\/\/edaluta.com.br\/"},{"@type":"ListItem","position":2,"name":"DOM\u00cdNIO BRASILEIRO: Simone Pinheiro alcan\u00e7a o topo do ranking mundial de Jiu-Jitsu; veja o Top 3"}]},{"@type":"WebSite","@id":"https:\/\/edaluta.com.br\/#website","url":"https:\/\/edaluta.com.br\/","name":"E da Luta","description":"","publisher":{"@id":"https:\/\/edaluta.com.br\/#organization"},"potentialAction":[{"@type":"SearchAction","target":{"@type":"EntryPoint","urlTemplate":"https:\/\/edaluta.com.br\/?s={search_term_string}"},"query-input":{"@type":"PropertyValueSpecification","valueRequired":true,"valueName":"search_term_string"}}],"inLanguage":"pt-BR"},{"@type":"Organization","@id":"https:\/\/edaluta.com.br\/#organization","name":"E da Luta","url":"https:\/\/edaluta.com.br\/","logo":{"@type":"ImageObject","inLanguage":"pt-BR","@id":"https:\/\/edaluta.com.br\/#\/schema\/logo\/image\/","url":"https:\/\/edaluta.com.br\/wp-content\/uploads\/2026\/03\/cropped-cropped-Design-sem-nome.png","contentUrl":"https:\/\/edaluta.com.br\/wp-content\/uploads\/2026\/03\/cropped-cropped-Design-sem-nome.png","width":541,"height":456,"caption":"E da Luta"},"image":{"@id":"https:\/\/edaluta.com.br\/#\/schema\/logo\/image\/"}},{"@type":"Person","@id":"https:\/\/edaluta.com.br\/#\/schema\/person\/fdd324189e86f8a16d27953570e1575a","name":"admin","image":{"@type":"ImageObject","inLanguage":"pt-BR","@id":"https:\/\/secure.gravatar.com\/avatar\/82ab2c30ddf734928770c4413567eaf213b3b19b7c37c22d93f71b40d4f5350a?s=96&d=mm&r=g","url":"https:\/\/secure.gravatar.com\/avatar\/82ab2c30ddf734928770c4413567eaf213b3b19b7c37c22d93f71b40d4f5350a?s=96&d=mm&r=g","contentUrl":"https:\/\/secure.gravatar.com\/avatar\/82ab2c30ddf734928770c4413567eaf213b3b19b7c37c22d93f71b40d4f5350a?s=96&d=mm&r=g","caption":"admin"},"sameAs":["http:\/\/edaluta.com.br"],"url":"https:\/\/edaluta.com.br\/?author=1"}]}},"_links":{"self":[{"href":"https:\/\/edaluta.com.br\/index.php?rest_route=\/wp\/v2\/posts\/39","targetHints":{"allow":["GET"]}}],"collection":[{"href":"https:\/\/edaluta.com.br\/index.php?rest_route=\/wp\/v2\/posts"}],"about":[{"href":"https:\/\/edaluta.com.br\/index.php?rest_route=\/wp\/v2\/types\/post"}],"author":[{"embeddable":true,"href":"https:\/\/edaluta.com.br\/index.php?rest_route=\/wp\/v2\/users\/1"}],"replies":[{"embeddable":true,"href":"https:\/\/edaluta.com.br\/index.php?rest_route=%2Fwp%2Fv2%2Fcomments&post=39"}],"version-history":[{"count":1,"href":"https:\/\/edaluta.com.br\/index.php?rest_route=\/wp\/v2\/posts\/39\/revisions"}],"predecessor-version":[{"id":41,"href":"https:\/\/edaluta.com.br\/index.php?rest_route=\/wp\/v2\/posts\/39\/revisions\/41"}],"wp:featuredmedia":[{"embeddable":true,"href":"https:\/\/edaluta.com.br\/index.php?rest_route=\/wp\/v2\/media\/40"}],"wp:attachment":[{"href":"https:\/\/edaluta.com.br\/index.php?rest_route=%2Fwp%2Fv2%2Fmedia&parent=39"}],"wp:term":[{"taxonomy":"category","embeddable":true,"href":"https:\/\/edaluta.com.br\/index.php?rest_route=%2Fwp%2Fv2%2Fcategories&post=39"},{"taxonomy":"post_tag","embeddable":true,"href":"https:\/\/edaluta.com.br\/index.php?rest_route=%2Fwp%2Fv2%2Ftags&post=39"}],"curies":[{"name":"wp","href":"https:\/\/api.w.org\/{rel}","templated":true}]}}